{"id":963,"date":"2023-04-27T12:23:14","date_gmt":"2023-04-27T12:23:14","guid":{"rendered":"https:\/\/www.lifelanner.eu\/?p=963"},"modified":"2023-04-27T12:23:15","modified_gmt":"2023-04-27T12:23:15","slug":"wildlife-rescue-conference","status":"publish","type":"post","link":"https:\/\/www.lifelanner.eu\/it\/2023\/04\/27\/wildlife-rescue-conference\/","title":{"rendered":"Fauna selvatica: un successo il convegno sui centri di recupero per gli animali in difficolt\u00e0."},"content":{"rendered":"<p>Grande partecipazione di cittadini e istituzioni al convegno organizzato dal progetto europeo Life Lanner sui centri per il recupero della fauna selvatica ferita o in difficolt\u00e0, tenutosi a Caprarola mercoled\u00ec 19 aprile.<\/p>\n\n\n\n<div class=\"wp-block-image\"><figure class=\"aligncenter size-large\"><img loading=\"lazy\" decoding=\"async\" width=\"1024\" height=\"768\" src=\"https:\/\/www.lifelanner.eu\/wp-content\/uploads\/2023\/04\/Convegno-CRAS-LIFE-Presentazione-Convegno-1024x768.jpg\" alt=\"\" class=\"wp-image-964\" srcset=\"https:\/\/www.lifelanner.eu\/wp-content\/uploads\/2023\/04\/Convegno-CRAS-LIFE-Presentazione-Convegno-1024x768.jpg 1024w, https:\/\/www.lifelanner.eu\/wp-content\/uploads\/2023\/04\/Convegno-CRAS-LIFE-Presentazione-Convegno-300x225.jpg 300w, https:\/\/www.lifelanner.eu\/wp-content\/uploads\/2023\/04\/Convegno-CRAS-LIFE-Presentazione-Convegno-768x576.jpg 768w, https:\/\/www.lifelanner.eu\/wp-content\/uploads\/2023\/04\/Convegno-CRAS-LIFE-Presentazione-Convegno-1536x1152.jpg 1536w, https:\/\/www.lifelanner.eu\/wp-content\/uploads\/2023\/04\/Convegno-CRAS-LIFE-Presentazione-Convegno-2048x1536.jpg 2048w, https:\/\/www.lifelanner.eu\/wp-content\/uploads\/2023\/04\/Convegno-CRAS-LIFE-Presentazione-Convegno-16x12.jpg 16w, https:\/\/www.lifelanner.eu\/wp-content\/uploads\/2023\/04\/Convegno-CRAS-LIFE-Presentazione-Convegno-24x18.jpg 24w\" sizes=\"(max-width: 1024px) 100vw, 1024px\" \/><figcaption>Grande partecipazione al convegno LIFE Lanner a Caprarola<\/figcaption><\/figure><\/div>\n\n\n\n<h2 class=\"wp-block-heading\">Il valore dei Centri Recupero Animali Selvatici <\/h2>\n\n\n\n<p>Biodiversit\u00e0, cura degli animali selvatici feriti e salute pubblica sono stati al centro della giornata organizzata dall\u2019Ente Monti Cimini - Riserva Naturale Lago di Vico e da e-distribuzione alle Scuderie Farnese di Caprarola. Oltre 90 persone hanno partecipato al convegno in cui vari esperti hanno illustrato gli sforzi che enti pubblici e associazioni svolgono quotidianamente per recuperare, curare e restituire alla natura gli animali selvatici trovati feriti o in difficolt\u00e0. Il convegno ha evidenziato come i Centri Recupero Animali Selvatici (CRAS) siano non solo luoghi di interfaccia con i cittadini che ritrovano gli animali feriti, ma anche luoghi di nascita e sviluppo di progetti lodevoli come Life Lanner, nato in seno al CRAS del Lago di Vico, per la tutela del raro lanario. Un altro ruolo non secondario dei CRAS \u00e8 di essere dei presidi sanitari rispetto a patologie come per esempio l\u2019influenza aviaria, garantendo una sorveglianza sanitaria che permetta un\u2019allerta rapida in caso di ricovero di animali con sintomi sospetti. Tutto ci\u00f2 per\u00f2 necessita di un maggiore sostegno istituzionale e di maggiori fondi, visto che ogni CRAS cura dai 600 agli 8000 animali l\u2019anno, in un contesto di scarsit\u00e0 di risorse umane ed economiche.<\/p>\n\n\n\n<p>Durante il convegno \u00e8 stata anche presentata la rete di collaborazione, creata dal progetto LIFE Lanner, dei 34 CRAS che faranno confluire i dati dei falconi ricoverati presso le loro strutture in un'unica banca dati, necessaria per la tutela del lanario.<\/p>\n\n\n\n<div class=\"wp-block-image\"><figure class=\"aligncenter size-large\"><img loading=\"lazy\" decoding=\"async\" width=\"1024\" height=\"768\" src=\"https:\/\/www.lifelanner.eu\/wp-content\/uploads\/2023\/04\/Convegno-CRAS-LIFE-Collaborazioni-CRAS-Vico-1024x768.jpg\" alt=\"\" class=\"wp-image-966\" srcset=\"https:\/\/www.lifelanner.eu\/wp-content\/uploads\/2023\/04\/Convegno-CRAS-LIFE-Collaborazioni-CRAS-Vico-1024x768.jpg 1024w, https:\/\/www.lifelanner.eu\/wp-content\/uploads\/2023\/04\/Convegno-CRAS-LIFE-Collaborazioni-CRAS-Vico-300x225.jpg 300w, https:\/\/www.lifelanner.eu\/wp-content\/uploads\/2023\/04\/Convegno-CRAS-LIFE-Collaborazioni-CRAS-Vico-768x576.jpg 768w, https:\/\/www.lifelanner.eu\/wp-content\/uploads\/2023\/04\/Convegno-CRAS-LIFE-Collaborazioni-CRAS-Vico-16x12.jpg 16w, https:\/\/www.lifelanner.eu\/wp-content\/uploads\/2023\/04\/Convegno-CRAS-LIFE-Collaborazioni-CRAS-Vico-24x18.jpg 24w, https:\/\/www.lifelanner.eu\/wp-content\/uploads\/2023\/04\/Convegno-CRAS-LIFE-Collaborazioni-CRAS-Vico.jpg 1280w\" sizes=\"(max-width: 1024px) 100vw, 1024px\" \/><figcaption>Presentazione della rete di CRAS sviluppata nell'ambito di LIFE Lanner<\/figcaption><\/figure><\/div>\n\n\n\n<h2 class=\"wp-block-heading\">Partecipazione di enti e istituzioni<\/h2>\n\n\n\n<p>Al convegno hanno partecipato i Consiglieri regionali Valentina Paterna (Presidente della Commissione Ambiente), Daniele Sabatini, Enrico Panunzi, le istituzioni locali con la Presidente dell\u2019Ente Monti Cimini \u2013 Lago di Vico Daniela Boltrini, il Direttore Angelo Cappelli, e il Sindaco di Caprarola Angelo Borgna, le istituzioni sanitarie con Nicola Ferrarini, Direttore dei servizi veterinari dell\u2019ASL di Viterbo, Luigi De Grossi, Direttore dell\u2019Istituto Zooprofilattico Sperimentale di Viterbo, e diversi tecnici e gestori dei CRAS attivi nella regione Lazio.<\/p>\n\n\n\n<h2 class=\"wp-block-heading\">A met\u00e0 strada: i risultati ottenuti da LIFE Lanner<\/h2>\n\n\n\n<p>Il convegno si \u00e8 svolto in occasione del culmine di attivit\u00e0 del progetto LIFE Lanner, la cui attivit\u00e0 della prima met\u00e0 del progetto \u00e8 stata recentemente apprezzata da funzionari della Commissione Europea e del Ministero dell\u2019Ambiente in una visita tenutasi a febbraio scorso a Lago di Vico e Marturanum. Tra le pi\u00f9 recenti attuazioni del progetto, illustrate durante il convegno, vi sono l\u2019allevamento di tre coppie di lanario, mai svolto finora in un centro pubblico, la messa in sicurezza di 195 supporti di varie linee elettriche in due aree protette per evitare il rischio di elettrocuzione dei rapaci (e altri grandi uccelli) e la riapertura di oltre 40 ettari di pascoli nella Provincia di Viterbo per ricreare aree adatte alla vita, caccia e alimentazione di questi animali. Il progetto ha inoltre permesso di caratterizzare geneticamente il lanario, attivit\u00e0 mai svolta finora, definendo in modo univoco la sua identit\u00e0 grazie al confronto di oltre 100 campioni di lanario e di altre specie di falconi ottenuti da tutta Europa da parte dell\u2019Istituto Zooprofilattico Sperimentale Lazio e Toscana. <\/p>\n\n\n\n<p>Il progetto LIFE18 NAT\/IT\/000720 LIFE LANNER, coordinato dall\u2019Ente Monti Cimini - Riserva Naturale Lago di Vico, sar\u00e0 attivo fino al 2025.<\/p>\n\n\n\n<div class=\"wp-block-image\"><figure class=\"aligncenter size-large\"><img loading=\"lazy\" decoding=\"async\" width=\"1024\" height=\"576\" src=\"https:\/\/www.lifelanner.eu\/wp-content\/uploads\/2023\/04\/Convegno-CRAS-_LIFE-Tavola-rotonda-1024x576.jpg\" alt=\"\" class=\"wp-image-965\" srcset=\"https:\/\/www.lifelanner.eu\/wp-content\/uploads\/2023\/04\/Convegno-CRAS-_LIFE-Tavola-rotonda-1024x576.jpg 1024w, https:\/\/www.lifelanner.eu\/wp-content\/uploads\/2023\/04\/Convegno-CRAS-_LIFE-Tavola-rotonda-300x169.jpg 300w, https:\/\/www.lifelanner.eu\/wp-content\/uploads\/2023\/04\/Convegno-CRAS-_LIFE-Tavola-rotonda-768x432.jpg 768w, https:\/\/www.lifelanner.eu\/wp-content\/uploads\/2023\/04\/Convegno-CRAS-_LIFE-Tavola-rotonda-1536x864.jpg 1536w, https:\/\/www.lifelanner.eu\/wp-content\/uploads\/2023\/04\/Convegno-CRAS-_LIFE-Tavola-rotonda-16x9.jpg 16w, https:\/\/www.lifelanner.eu\/wp-content\/uploads\/2023\/04\/Convegno-CRAS-_LIFE-Tavola-rotonda-320x180.jpg 320w, https:\/\/www.lifelanner.eu\/wp-content\/uploads\/2023\/04\/Convegno-CRAS-_LIFE-Tavola-rotonda-24x14.jpg 24w, https:\/\/www.lifelanner.eu\/wp-content\/uploads\/2023\/04\/Convegno-CRAS-_LIFE-Tavola-rotonda.jpg 1600w\" sizes=\"(max-width: 1024px) 100vw, 1024px\" \/><figcaption>Tavola rotonda durante la conferenza<\/figcaption><\/figure><\/div>\n\n\n\n<h2 class=\"wp-block-heading\">Il panorama attuale e le prospettive future <\/h2>\n\n\n\n<p>Come sapete, il lanario \u00e8 nella lista delle specie elencate dalla Direttiva Europea \u201cUccelli\u201d come prioritaria per il finanziamento nell'ambito del programma LIFE ed \u00e8 attualmente classificata a livello italiano come specie vulnerabile. Negli ultimi anni diversi studi hanno dimostrato la drammatica diminuzione della popolazione italiana passata da 140-172 coppie nel 2007 (Piano d'azione nazionale) a 60-80 (Biodiversity Journal, 2018).<\/p>\n\n\n\n<p>Nel Lazio la popolazione \u00e8 passata da 10-15 coppie negli anni '80, a 5-7 coppie nel 2001. Nel 2015 una sola coppia nidificava nel Lazio e dal 2016 nessuna coppia \u00e8 stata individuata. Il progetto Life Lanner sta contrastando queste tendenze con azioni mirate a liberare un alto numero di individui, riducendo le pressioni sulla specie e migliorando la conoscenza e la cultura verso le specie di rapaci anche grazie a convegni come quello di Caprarola.<\/p>\n\n\n\n<p>Il convegno si \u00e8 concluso con il proposito di una stretta collaborazione tra gli enti competenti e i CRAS per una sempre migliore gestione operativa della fauna selvatica in difficolt\u00e0.<\/p>\n\n\n\n<p>Contatto per la stampa: <a href=\"\/it\/gpuddu@regione.lazio.it\/\">Giuseppe Puddu<\/a> <\/p>","protected":false},"excerpt":{"rendered":"<p>Grande partecipazione al convegno LIFE Lanner a Caprarola. Il valore dei Centri Recupero Animali Selvatici\nBiodiversit\u00e0, cura degli animali selvatici feriti e salute pubblica sono stati al centro della giornata organizzata dall\u2019Ente [...]<\/p>","protected":false},"author":1,"featured_media":965,"comment_status":"closed","ping_status":"open","sticky":false,"template":"","format":"standard","meta":{"_monsterinsights_skip_tracking":false,"_monsterinsights_sitenote_active":false,"_monsterinsights_sitenote_note":"","_monsterinsights_sitenote_category":0,"footnotes":""},"categories":[55,7],"tags":[],"yoast_head":"<!-- This site is optimized with the Yoast SEO plugin v22.5 - https:\/\/yoast.com\/wordpress\/plugins\/seo\/ -->\n<title>Our conference on wildlife rescue centers was a great success - LIFE LANNER<\/title>\n<meta name=\"description\" content=\"Great turnout of both citizens and institutions at the conference on wildlife rescue centres organized by the LIFE LANNER in Caprarola.\" \/>\n<meta name=\"robots\" content=\"index, follow, max-snippet:-1, max-image-preview:large, max-video-preview:-1\" \/>\n<link rel=\"canonical\" href=\"https:\/\/www.lifelanner.eu\/it\/2023\/04\/27\/wildlife-rescue-conference\/\" \/>\n<meta property=\"og:locale\" content=\"it_IT\" \/>\n<meta property=\"og:type\" content=\"article\" \/>\n<meta property=\"og:title\" content=\"Our conference on wildlife rescue centers was a great success - LIFE LANNER\" \/>\n<meta property=\"og:description\" content=\"Great turnout of both citizens and institutions at the conference on wildlife rescue centres organized by the LIFE LANNER in Caprarola.\" \/>\n<meta property=\"og:url\" content=\"https:\/\/www.lifelanner.eu\/it\/2023\/04\/27\/wildlife-rescue-conference\/\" \/>\n<meta property=\"og:site_name\" content=\"LIFE LANNER\" \/>\n<meta property=\"article:published_time\" content=\"2023-04-27T12:23:14+00:00\" \/>\n<meta property=\"article:modified_time\" content=\"2023-04-27T12:23:15+00:00\" \/>\n<meta property=\"og:image\" content=\"https:\/\/www.lifelanner.eu\/wp-content\/uploads\/2023\/04\/Convegno-CRAS-_LIFE-Tavola-rotonda.jpg\" \/>\n\t<meta property=\"og:image:width\" content=\"1600\" \/>\n\t<meta property=\"og:image:height\" content=\"900\" \/>\n\t<meta property=\"og:image:type\" content=\"image\/jpeg\" \/>\n<meta name=\"author\" content=\"admin\" \/>\n<meta name=\"twitter:card\" content=\"summary_large_image\" \/>\n<meta name=\"twitter:label1\" content=\"Scritto da\" \/>\n\t<meta name=\"twitter:data1\" content=\"admin\" \/>\n\t<meta name=\"twitter:label2\" content=\"Tempo di lettura stimato\" \/>\n\t<meta name=\"twitter:data2\" content=\"4 minuti\" \/>\n<script type=\"application\/ld+json\" class=\"yoast-schema-graph\">{\"@context\":\"https:\/\/schema.org\",\"@graph\":[{\"@type\":\"WebPage\",\"@id\":\"https:\/\/www.lifelanner.eu\/2023\/04\/27\/wildlife-rescue-conference\/\",\"url\":\"https:\/\/www.lifelanner.eu\/2023\/04\/27\/wildlife-rescue-conference\/\",\"name\":\"Our conference on wildlife rescue centers was a great success - LIFE LANNER\",\"isPartOf\":{\"@id\":\"https:\/\/www.lifelanner.eu\/#website\"},\"primaryImageOfPage\":{\"@id\":\"https:\/\/www.lifelanner.eu\/2023\/04\/27\/wildlife-rescue-conference\/#primaryimage\"},\"image\":{\"@id\":\"https:\/\/www.lifelanner.eu\/2023\/04\/27\/wildlife-rescue-conference\/#primaryimage\"},\"thumbnailUrl\":\"https:\/\/www.lifelanner.eu\/wp-content\/uploads\/2023\/04\/Convegno-CRAS-_LIFE-Tavola-rotonda.jpg\",\"datePublished\":\"2023-04-27T12:23:14+00:00\",\"dateModified\":\"2023-04-27T12:23:15+00:00\",\"author\":{\"@id\":\"https:\/\/www.lifelanner.eu\/#\/schema\/person\/fa77fe19644a3201a2475e19d612e33e\"},\"description\":\"Great turnout of both citizens and institutions at the conference on wildlife rescue centres organized by the LIFE LANNER in Caprarola.\",\"breadcrumb\":{\"@id\":\"https:\/\/www.lifelanner.eu\/2023\/04\/27\/wildlife-rescue-conference\/#breadcrumb\"},\"inLanguage\":\"it-IT\",\"potentialAction\":[{\"@type\":\"ReadAction\",\"target\":[\"https:\/\/www.lifelanner.eu\/2023\/04\/27\/wildlife-rescue-conference\/\"]}]},{\"@type\":\"ImageObject\",\"inLanguage\":\"it-IT\",\"@id\":\"https:\/\/www.lifelanner.eu\/2023\/04\/27\/wildlife-rescue-conference\/#primaryimage\",\"url\":\"https:\/\/www.lifelanner.eu\/wp-content\/uploads\/2023\/04\/Convegno-CRAS-_LIFE-Tavola-rotonda.jpg\",\"contentUrl\":\"https:\/\/www.lifelanner.eu\/wp-content\/uploads\/2023\/04\/Convegno-CRAS-_LIFE-Tavola-rotonda.jpg\",\"width\":1600,\"height\":900},{\"@type\":\"BreadcrumbList\",\"@id\":\"https:\/\/www.lifelanner.eu\/2023\/04\/27\/wildlife-rescue-conference\/#breadcrumb\",\"itemListElement\":[{\"@type\":\"ListItem\",\"position\":1,\"name\":\"Home\",\"item\":\"https:\/\/www.lifelanner.eu\/\"},{\"@type\":\"ListItem\",\"position\":2,\"name\":\"Our conference on wildlife rescue centers was a great success\"}]},{\"@type\":\"WebSite\",\"@id\":\"https:\/\/www.lifelanner.eu\/#website\",\"url\":\"https:\/\/www.lifelanner.eu\/\",\"name\":\"LIFE LANNER\",\"description\":\"Urgent conservation actions for Lanner falcon\",\"potentialAction\":[{\"@type\":\"SearchAction\",\"target\":{\"@type\":\"EntryPoint\",\"urlTemplate\":\"https:\/\/www.lifelanner.eu\/?s={search_term_string}\"},\"query-input\":\"required name=search_term_string\"}],\"inLanguage\":\"it-IT\"},{\"@type\":\"Person\",\"@id\":\"https:\/\/www.lifelanner.eu\/#\/schema\/person\/fa77fe19644a3201a2475e19d612e33e\",\"name\":\"admin\",\"image\":{\"@type\":\"ImageObject\",\"inLanguage\":\"it-IT\",\"@id\":\"https:\/\/www.lifelanner.eu\/#\/schema\/person\/image\/\",\"url\":\"https:\/\/secure.gravatar.com\/avatar\/fdb997b494a167ccc80f5acd3fe88260?s=96&d=mm&r=g\",\"contentUrl\":\"https:\/\/secure.gravatar.com\/avatar\/fdb997b494a167ccc80f5acd3fe88260?s=96&d=mm&r=g\",\"caption\":\"admin\"},\"sameAs\":[\"https:\/\/www.lifelanner.eu\"],\"url\":\"https:\/\/www.lifelanner.eu\/it\/author\/admin\/\"}]}<\/script>\n<!-- \/ Yoast SEO plugin. -->","yoast_head_json":{"title":"Our conference on wildlife rescue centers was a great success - LIFE LANNER","description":"Great turnout of both citizens and institutions at the conference on wildlife rescue centres organized by the LIFE LANNER in Caprarola.","robots":{"index":"index","follow":"follow","max-snippet":"max-snippet:-1","max-image-preview":"max-image-preview:large","max-video-preview":"max-video-preview:-1"},"canonical":"https:\/\/www.lifelanner.eu\/it\/2023\/04\/27\/wildlife-rescue-conference\/","og_locale":"it_IT","og_type":"article","og_title":"Our conference on wildlife rescue centers was a great success - LIFE LANNER","og_description":"Great turnout of both citizens and institutions at the conference on wildlife rescue centres organized by the LIFE LANNER in Caprarola.","og_url":"https:\/\/www.lifelanner.eu\/it\/2023\/04\/27\/wildlife-rescue-conference\/","og_site_name":"LIFE LANNER","article_published_time":"2023-04-27T12:23:14+00:00","article_modified_time":"2023-04-27T12:23:15+00:00","og_image":[{"width":1600,"height":900,"url":"https:\/\/www.lifelanner.eu\/wp-content\/uploads\/2023\/04\/Convegno-CRAS-_LIFE-Tavola-rotonda.jpg","type":"image\/jpeg"}],"author":"admin","twitter_card":"summary_large_image","twitter_misc":{"Scritto da":"admin","Tempo di lettura stimato":"4 minuti"},"schema":{"@context":"https:\/\/schema.org","@graph":[{"@type":"WebPage","@id":"https:\/\/www.lifelanner.eu\/2023\/04\/27\/wildlife-rescue-conference\/","url":"https:\/\/www.lifelanner.eu\/2023\/04\/27\/wildlife-rescue-conference\/","name":"Our conference on wildlife rescue centers was a great success - LIFE LANNER","isPartOf":{"@id":"https:\/\/www.lifelanner.eu\/#website"},"primaryImageOfPage":{"@id":"https:\/\/www.lifelanner.eu\/2023\/04\/27\/wildlife-rescue-conference\/#primaryimage"},"image":{"@id":"https:\/\/www.lifelanner.eu\/2023\/04\/27\/wildlife-rescue-conference\/#primaryimage"},"thumbnailUrl":"https:\/\/www.lifelanner.eu\/wp-content\/uploads\/2023\/04\/Convegno-CRAS-_LIFE-Tavola-rotonda.jpg","datePublished":"2023-04-27T12:23:14+00:00","dateModified":"2023-04-27T12:23:15+00:00","author":{"@id":"https:\/\/www.lifelanner.eu\/#\/schema\/person\/fa77fe19644a3201a2475e19d612e33e"},"description":"Great turnout of both citizens and institutions at the conference on wildlife rescue centres organized by the LIFE LANNER in Caprarola.","breadcrumb":{"@id":"https:\/\/www.lifelanner.eu\/2023\/04\/27\/wildlife-rescue-conference\/#breadcrumb"},"inLanguage":"it-IT","potentialAction":[{"@type":"ReadAction","target":["https:\/\/www.lifelanner.eu\/2023\/04\/27\/wildlife-rescue-conference\/"]}]},{"@type":"ImageObject","inLanguage":"it-IT","@id":"https:\/\/www.lifelanner.eu\/2023\/04\/27\/wildlife-rescue-conference\/#primaryimage","url":"https:\/\/www.lifelanner.eu\/wp-content\/uploads\/2023\/04\/Convegno-CRAS-_LIFE-Tavola-rotonda.jpg","contentUrl":"https:\/\/www.lifelanner.eu\/wp-content\/uploads\/2023\/04\/Convegno-CRAS-_LIFE-Tavola-rotonda.jpg","width":1600,"height":900},{"@type":"BreadcrumbList","@id":"https:\/\/www.lifelanner.eu\/2023\/04\/27\/wildlife-rescue-conference\/#breadcrumb","itemListElement":[{"@type":"ListItem","position":1,"name":"Home","item":"https:\/\/www.lifelanner.eu\/"},{"@type":"ListItem","position":2,"name":"Our conference on wildlife rescue centers was a great success"}]},{"@type":"WebSite","@id":"https:\/\/www.lifelanner.eu\/#website","url":"https:\/\/www.lifelanner.eu\/","name":"LIFE LANNER","description":"Urgent conservation actions for Lanner falcon","potentialAction":[{"@type":"SearchAction","target":{"@type":"EntryPoint","urlTemplate":"https:\/\/www.lifelanner.eu\/?s={search_term_string}"},"query-input":"required name=search_term_string"}],"inLanguage":"it-IT"},{"@type":"Person","@id":"https:\/\/www.lifelanner.eu\/#\/schema\/person\/fa77fe19644a3201a2475e19d612e33e","name":"admin","image":{"@type":"ImageObject","inLanguage":"it-IT","@id":"https:\/\/www.lifelanner.eu\/#\/schema\/person\/image\/","url":"https:\/\/secure.gravatar.com\/avatar\/fdb997b494a167ccc80f5acd3fe88260?s=96&d=mm&r=g","contentUrl":"https:\/\/secure.gravatar.com\/avatar\/fdb997b494a167ccc80f5acd3fe88260?s=96&d=mm&r=g","caption":"admin"},"sameAs":["https:\/\/www.lifelanner.eu"],"url":"https:\/\/www.lifelanner.eu\/it\/author\/admin\/"}]}},"_links":{"self":[{"href":"https:\/\/www.lifelanner.eu\/it\/wp-json\/wp\/v2\/posts\/963"}],"collection":[{"href":"https:\/\/www.lifelanner.eu\/it\/wp-json\/wp\/v2\/posts"}],"about":[{"href":"https:\/\/www.lifelanner.eu\/it\/wp-json\/wp\/v2\/types\/post"}],"author":[{"embeddable":true,"href":"https:\/\/www.lifelanner.eu\/it\/wp-json\/wp\/v2\/users\/1"}],"replies":[{"embeddable":true,"href":"https:\/\/www.lifelanner.eu\/it\/wp-json\/wp\/v2\/comments?post=963"}],"version-history":[{"count":1,"href":"https:\/\/www.lifelanner.eu\/it\/wp-json\/wp\/v2\/posts\/963\/revisions"}],"predecessor-version":[{"id":967,"href":"https:\/\/www.lifelanner.eu\/it\/wp-json\/wp\/v2\/posts\/963\/revisions\/967"}],"wp:featuredmedia":[{"embeddable":true,"href":"https:\/\/www.lifelanner.eu\/it\/wp-json\/wp\/v2\/media\/965"}],"wp:attachment":[{"href":"https:\/\/www.lifelanner.eu\/it\/wp-json\/wp\/v2\/media?parent=963"}],"wp:term":[{"taxonomy":"category","embeddable":true,"href":"https:\/\/www.lifelanner.eu\/it\/wp-json\/wp\/v2\/categories?post=963"},{"taxonomy":"post_tag","embeddable":true,"href":"https:\/\/www.lifelanner.eu\/it\/wp-json\/wp\/v2\/tags?post=963"}],"curies":[{"name":"wp","href":"https:\/\/api.w.org\/{rel}","templated":true}]}}