{"id":1262,"date":"2025-05-05T14:30:33","date_gmt":"2025-05-05T14:30:33","guid":{"rendered":"https:\/\/www.lifelanner.eu\/?p=1262"},"modified":"2025-05-05T14:30:34","modified_gmt":"2025-05-05T14:30:34","slug":"after-camilla-carlotta-too-died-by-electrocution","status":"publish","type":"post","link":"https:\/\/www.lifelanner.eu\/it\/2025\/05\/05\/after-camilla-carlotta-too-died-by-electrocution\/","title":{"rendered":"\ud835\uddd7\ud835\uddfc\ud835\uddfd\ud835\uddfc \ud835\uddd6\ud835\uddee\ud835\uddfa\ud835\uddf6\ud835\uddf9\ud835\uddf9\ud835\uddee, \ud835\uddee\ud835\uddfb\ud835\uddf0\ud835\uddf5\ud835\uddf2 \ud835\uddd6\ud835\uddee\ud835\uddff\ud835\uddf9\ud835\uddfc\ud835\ude01\ud835\ude01\ud835\uddee \u00e8 \ud835\uddfa\ud835\uddfc\ud835\uddff\ud835\ude01\ud835\uddee \ud835\uddfd\ud835\uddf2\ud835\uddff \ud835\uddf2\ud835\uddf9\ud835\uddf2\ud835\ude01\ud835\ude01\ud835\uddff\ud835\uddfc\ud835\uddf0\ud835\ude02\ud835\ude07\ud835\uddf6\ud835\uddfc\ud835\uddfb\ud835\uddf2."},"content":{"rendered":"<p>A meno di due mesi dal compimento del suo primo anno di vita in libert\u00e0, anche Carlotta <strong>smette di volare<\/strong>\u00c8 deceduta dopo 14 giorni di cure intensive presso il CRAS Lago di Vico, a seguito di un episodio di elettrocuzione. Si tratta dell\u2019ennesima vittima di una strage silenziosa: ogni anno, decine, se non centinaia, di rapaci muoiono folgorati sui tralicci, spesso invisibili agli occhi dei cittadini, ma letali per la fauna selvatica.<\/p>\n\n\n\n<p>Carlotta aveva trascorso l\u2019inverno all\u2019interno della Riserva Naturale del Litorale Romano, a Ostia (RM), evitando ogni pericolo, a pochi chilometri da dove si trovava anche Ambra. In primavera si \u00e8 spostata verso la Toscana, dove \u00e8 stata avvistata in <strong>buona salute<\/strong>mentre cacciava piccioni in ambienti periurbani, tra Firenze, Arezzo e infine nel Reggello, dove \u00e8 stata soccorsa. <\/p>\n\n\n\n<p>Il recupero \u00e8 stato immediato. Tuttavia, sin dal primo esame clinico, i segni erano inequivocabili: elettrocuzione. Una zampa mostrava necrosi incipiente, mentre un\u2019ala sanguinava per le ferite autoinferte, esito della reazione comportamentale al dolore provocato dalla scarica elettrica.<\/p>\n\n\n\n<figure class=\"wp-block-image size-large is-resized is-style-default\"><img loading=\"lazy\" decoding=\"async\" width=\"1024\" height=\"909\" src=\"https:\/\/www.lifelanner.eu\/wp-content\/uploads\/2025\/05\/image-1024x909.png\" alt=\"\" class=\"wp-image-1265\" style=\"width:563px;height:auto\" srcset=\"https:\/\/www.lifelanner.eu\/wp-content\/uploads\/2025\/05\/image-1024x909.png 1024w, https:\/\/www.lifelanner.eu\/wp-content\/uploads\/2025\/05\/image-300x266.png 300w, https:\/\/www.lifelanner.eu\/wp-content\/uploads\/2025\/05\/image-768x681.png 768w, https:\/\/www.lifelanner.eu\/wp-content\/uploads\/2025\/05\/image-14x12.png 14w, https:\/\/www.lifelanner.eu\/wp-content\/uploads\/2025\/05\/image-24x21.png 24w, https:\/\/www.lifelanner.eu\/wp-content\/uploads\/2025\/05\/image.png 1126w\" sizes=\"(max-width: 1024px) 100vw, 1024px\" \/><\/figure>\n\n\n\n<p>Le terapie sono state avviate seguendo il protocollo per pazienti folgorati, con l\u2019aggiunta di farmaci sperimentali e trattamenti innovativi, tra cui laser-terapia e supporto nutrizionale forzato. Purtroppo, come accade nella quasi totalit\u00e0 dei casi analoghi, la progressiva compromissione degli organi vitali ha avuto esito fatale. Carlotta ha smesso di alimentarsi autonomamente e, nonostante ogni sforzo, non ce l'ha fatta.<\/p>\n\n\n\n<p>Con la sua morte, il progetto perde <strong>l\u2019\u1d1c\u029f\u1d1b\u026a\u1d0d\u1d0f \u1d07\ua731\u1d07\u1d0d\u1d18\u029f\u1d00\u0280\u1d07<\/strong> liberato nella stagione 2024. L\u2019elenco \u00e8 ormai lungo e drammatico:<\/p>\n\n\n\n<ul>\n<li>Carmine: collisione con cavo elettrico<\/li>\n\n\n\n<li>Cesare: morte naturale<\/li>\n\n\n\n<li>Camilla: elettrocuzione<\/li>\n\n\n\n<li>Calogero: vittima di bracconaggio<\/li>\n\n\n\n<li>Carlotta: elettrocuzione<\/li>\n<\/ul>\n\n\n\n<p>Il bilancio \u00e8 devastante: l'80% delle perdite \u00e8 attribuibile a cause di origine antropica, di cui il 75% riguarda direttamente l'interazione con <strong>\ud835\uddf6\ud835\uddfb\ud835\uddf3\ud835\uddff\ud835\uddee\ud835\ude00\ud835\ude01\ud835\uddff\ud835\ude02\ud835\ude01\ud835\ude01\ud835\ude02\ud835\uddff\ud835\uddf2 \ud835\uddf2\ud835\uddf9\ud835\uddf2\ud835\ude01\ud835\ude01\ud835\uddff\ud835\uddf6\ud835\uddf0\ud835\uddf5\ud835\uddf2.<\/strong>.<\/p>\n\n\n\n<p>I dati raccolti da altri progetti che prevedono il rilascio in natura di giovani rapaci e uccelli di grandi dimensioni confermano la stessa, allarmante tendenza: la progressiva urbanizzazione e la scomparsa degli ambienti aperti costringono questi predatori a utilizzare i tralicci elettrici come posatoi e punti di osservazione. Un comportamento naturale che, in un contesto antropizzato e non messo in sicurezza, si trasforma in una condanna a morte.<\/p>\n\n\n\n<p>La mortalit\u00e0 per elettrocuzione non \u00e8 un imprevisto: \u00e8 una certezza. E, in assenza di interventi strutturali, continuer\u00e0 a colpire, sistematicamente, tutti gli anni, tutti i progetti, tutti i territori.<\/p>","protected":false},"excerpt":{"rendered":"<p>A meno di due mesi dal compimento del suo primo anno di vita in libert\u00e0, anche Carlotta \ud835\ude34\ud835\ude2e\ud835\ude26\ud835\ude35\ud835\ude35\ud835\ude26 \ud835\ude25\ud835\ude2a \ud835\ude37\ud835\ude30\ud835\ude2d\ud835\ude22\ud835\ude33\ud835\ude26. \u00c8 deceduta dopo 14 giorni di cure intensive presso il CRAS Lago di Vico, a seguito di un episodio di elettrocuzione. Si tratta dell\u2019ennesima vittima di una strage silenziosa: ogni anno, decine, se non centinaia, di rapaci muoiono folgorati sui tralicci, spesso invisibili agli occhi dei cittadini, ma letali per la fauna selvatica.<\/p>","protected":false},"author":1,"featured_media":1266,"comment_status":"open","ping_status":"open","sticky":false,"template":"","format":"standard","meta":{"_monsterinsights_skip_tracking":false,"_monsterinsights_sitenote_active":false,"_monsterinsights_sitenote_note":"","_monsterinsights_sitenote_category":0,"footnotes":""},"categories":[53,7,50],"tags":[],"yoast_head":"<!-- This site is optimized with the Yoast SEO plugin v22.5 - https:\/\/yoast.com\/wordpress\/plugins\/seo\/ -->\n<title>After Camilla, Carlotta too died by electrocution - LIFE LANNER<\/title>\n<meta name=\"robots\" content=\"index, follow, max-snippet:-1, max-image-preview:large, max-video-preview:-1\" \/>\n<link rel=\"canonical\" href=\"https:\/\/www.lifelanner.eu\/it\/2025\/05\/05\/after-camilla-carlotta-too-died-by-electrocution\/\" \/>\n<meta property=\"og:locale\" content=\"it_IT\" \/>\n<meta property=\"og:type\" content=\"article\" \/>\n<meta property=\"og:title\" content=\"After Camilla, Carlotta too died by electrocution - LIFE LANNER\" \/>\n<meta property=\"og:description\" content=\"Less than two months before completing her first year of life in freedom, Carlotta also stopped flying. She passed away after 14 days of intensive care at CRAS Lago di Vico, following an electrocution incident. She is yet another victim of a silent tragedy: every year, dozens, if not hundreds, of birds of prey die [&hellip;]\" \/>\n<meta property=\"og:url\" content=\"https:\/\/www.lifelanner.eu\/it\/2025\/05\/05\/after-camilla-carlotta-too-died-by-electrocution\/\" \/>\n<meta property=\"og:site_name\" content=\"LIFE LANNER\" \/>\n<meta property=\"article:published_time\" content=\"2025-05-05T14:30:33+00:00\" \/>\n<meta property=\"article:modified_time\" content=\"2025-05-05T14:30:34+00:00\" \/>\n<meta property=\"og:image\" content=\"https:\/\/www.lifelanner.eu\/wp-content\/uploads\/2025\/05\/WhatsApp-Image-2025-05-02-at-11.26.15-scaled.jpeg\" \/>\n\t<meta property=\"og:image:width\" content=\"2560\" \/>\n\t<meta property=\"og:image:height\" content=\"1920\" \/>\n\t<meta property=\"og:image:type\" content=\"image\/jpeg\" \/>\n<meta name=\"author\" content=\"admin\" \/>\n<meta name=\"twitter:card\" content=\"summary_large_image\" \/>\n<meta name=\"twitter:label1\" content=\"Scritto da\" \/>\n\t<meta name=\"twitter:data1\" content=\"admin\" \/>\n\t<meta name=\"twitter:label2\" content=\"Tempo di lettura stimato\" \/>\n\t<meta name=\"twitter:data2\" content=\"3 minuti\" \/>\n<script type=\"application\/ld+json\" class=\"yoast-schema-graph\">{\"@context\":\"https:\/\/schema.org\",\"@graph\":[{\"@type\":\"WebPage\",\"@id\":\"https:\/\/www.lifelanner.eu\/2025\/05\/05\/after-camilla-carlotta-too-died-by-electrocution\/\",\"url\":\"https:\/\/www.lifelanner.eu\/2025\/05\/05\/after-camilla-carlotta-too-died-by-electrocution\/\",\"name\":\"After Camilla, Carlotta too died by electrocution - LIFE LANNER\",\"isPartOf\":{\"@id\":\"https:\/\/www.lifelanner.eu\/#website\"},\"primaryImageOfPage\":{\"@id\":\"https:\/\/www.lifelanner.eu\/2025\/05\/05\/after-camilla-carlotta-too-died-by-electrocution\/#primaryimage\"},\"image\":{\"@id\":\"https:\/\/www.lifelanner.eu\/2025\/05\/05\/after-camilla-carlotta-too-died-by-electrocution\/#primaryimage\"},\"thumbnailUrl\":\"https:\/\/www.lifelanner.eu\/wp-content\/uploads\/2025\/05\/WhatsApp-Image-2025-05-02-at-11.26.15-scaled.jpeg\",\"datePublished\":\"2025-05-05T14:30:33+00:00\",\"dateModified\":\"2025-05-05T14:30:34+00:00\",\"author\":{\"@id\":\"https:\/\/www.lifelanner.eu\/#\/schema\/person\/fa77fe19644a3201a2475e19d612e33e\"},\"breadcrumb\":{\"@id\":\"https:\/\/www.lifelanner.eu\/2025\/05\/05\/after-camilla-carlotta-too-died-by-electrocution\/#breadcrumb\"},\"inLanguage\":\"it-IT\",\"potentialAction\":[{\"@type\":\"ReadAction\",\"target\":[\"https:\/\/www.lifelanner.eu\/2025\/05\/05\/after-camilla-carlotta-too-died-by-electrocution\/\"]}]},{\"@type\":\"ImageObject\",\"inLanguage\":\"it-IT\",\"@id\":\"https:\/\/www.lifelanner.eu\/2025\/05\/05\/after-camilla-carlotta-too-died-by-electrocution\/#primaryimage\",\"url\":\"https:\/\/www.lifelanner.eu\/wp-content\/uploads\/2025\/05\/WhatsApp-Image-2025-05-02-at-11.26.15-scaled.jpeg\",\"contentUrl\":\"https:\/\/www.lifelanner.eu\/wp-content\/uploads\/2025\/05\/WhatsApp-Image-2025-05-02-at-11.26.15-scaled.jpeg\",\"width\":2560,\"height\":1920},{\"@type\":\"BreadcrumbList\",\"@id\":\"https:\/\/www.lifelanner.eu\/2025\/05\/05\/after-camilla-carlotta-too-died-by-electrocution\/#breadcrumb\",\"itemListElement\":[{\"@type\":\"ListItem\",\"position\":1,\"name\":\"Home\",\"item\":\"https:\/\/www.lifelanner.eu\/\"},{\"@type\":\"ListItem\",\"position\":2,\"name\":\"After Camilla, Carlotta too died by electrocution\"}]},{\"@type\":\"WebSite\",\"@id\":\"https:\/\/www.lifelanner.eu\/#website\",\"url\":\"https:\/\/www.lifelanner.eu\/\",\"name\":\"LIFE LANNER\",\"description\":\"Urgent conservation actions for Lanner falcon\",\"potentialAction\":[{\"@type\":\"SearchAction\",\"target\":{\"@type\":\"EntryPoint\",\"urlTemplate\":\"https:\/\/www.lifelanner.eu\/?s={search_term_string}\"},\"query-input\":\"required name=search_term_string\"}],\"inLanguage\":\"it-IT\"},{\"@type\":\"Person\",\"@id\":\"https:\/\/www.lifelanner.eu\/#\/schema\/person\/fa77fe19644a3201a2475e19d612e33e\",\"name\":\"admin\",\"image\":{\"@type\":\"ImageObject\",\"inLanguage\":\"it-IT\",\"@id\":\"https:\/\/www.lifelanner.eu\/#\/schema\/person\/image\/\",\"url\":\"https:\/\/secure.gravatar.com\/avatar\/fdb997b494a167ccc80f5acd3fe88260?s=96&d=mm&r=g\",\"contentUrl\":\"https:\/\/secure.gravatar.com\/avatar\/fdb997b494a167ccc80f5acd3fe88260?s=96&d=mm&r=g\",\"caption\":\"admin\"},\"sameAs\":[\"https:\/\/www.lifelanner.eu\"],\"url\":\"https:\/\/www.lifelanner.eu\/it\/author\/admin\/\"}]}<\/script>\n<!-- \/ Yoast SEO plugin. -->","yoast_head_json":{"title":"After Camilla, Carlotta too died by electrocution - LIFE LANNER","robots":{"index":"index","follow":"follow","max-snippet":"max-snippet:-1","max-image-preview":"max-image-preview:large","max-video-preview":"max-video-preview:-1"},"canonical":"https:\/\/www.lifelanner.eu\/it\/2025\/05\/05\/after-camilla-carlotta-too-died-by-electrocution\/","og_locale":"it_IT","og_type":"article","og_title":"After Camilla, Carlotta too died by electrocution - LIFE LANNER","og_description":"Less than two months before completing her first year of life in freedom, Carlotta also stopped flying. She passed away after 14 days of intensive care at CRAS Lago di Vico, following an electrocution incident. She is yet another victim of a silent tragedy: every year, dozens, if not hundreds, of birds of prey die [&hellip;]","og_url":"https:\/\/www.lifelanner.eu\/it\/2025\/05\/05\/after-camilla-carlotta-too-died-by-electrocution\/","og_site_name":"LIFE LANNER","article_published_time":"2025-05-05T14:30:33+00:00","article_modified_time":"2025-05-05T14:30:34+00:00","og_image":[{"width":2560,"height":1920,"url":"https:\/\/www.lifelanner.eu\/wp-content\/uploads\/2025\/05\/WhatsApp-Image-2025-05-02-at-11.26.15-scaled.jpeg","type":"image\/jpeg"}],"author":"admin","twitter_card":"summary_large_image","twitter_misc":{"Scritto da":"admin","Tempo di lettura stimato":"3 minuti"},"schema":{"@context":"https:\/\/schema.org","@graph":[{"@type":"WebPage","@id":"https:\/\/www.lifelanner.eu\/2025\/05\/05\/after-camilla-carlotta-too-died-by-electrocution\/","url":"https:\/\/www.lifelanner.eu\/2025\/05\/05\/after-camilla-carlotta-too-died-by-electrocution\/","name":"After Camilla, Carlotta too died by electrocution - LIFE LANNER","isPartOf":{"@id":"https:\/\/www.lifelanner.eu\/#website"},"primaryImageOfPage":{"@id":"https:\/\/www.lifelanner.eu\/2025\/05\/05\/after-camilla-carlotta-too-died-by-electrocution\/#primaryimage"},"image":{"@id":"https:\/\/www.lifelanner.eu\/2025\/05\/05\/after-camilla-carlotta-too-died-by-electrocution\/#primaryimage"},"thumbnailUrl":"https:\/\/www.lifelanner.eu\/wp-content\/uploads\/2025\/05\/WhatsApp-Image-2025-05-02-at-11.26.15-scaled.jpeg","datePublished":"2025-05-05T14:30:33+00:00","dateModified":"2025-05-05T14:30:34+00:00","author":{"@id":"https:\/\/www.lifelanner.eu\/#\/schema\/person\/fa77fe19644a3201a2475e19d612e33e"},"breadcrumb":{"@id":"https:\/\/www.lifelanner.eu\/2025\/05\/05\/after-camilla-carlotta-too-died-by-electrocution\/#breadcrumb"},"inLanguage":"it-IT","potentialAction":[{"@type":"ReadAction","target":["https:\/\/www.lifelanner.eu\/2025\/05\/05\/after-camilla-carlotta-too-died-by-electrocution\/"]}]},{"@type":"ImageObject","inLanguage":"it-IT","@id":"https:\/\/www.lifelanner.eu\/2025\/05\/05\/after-camilla-carlotta-too-died-by-electrocution\/#primaryimage","url":"https:\/\/www.lifelanner.eu\/wp-content\/uploads\/2025\/05\/WhatsApp-Image-2025-05-02-at-11.26.15-scaled.jpeg","contentUrl":"https:\/\/www.lifelanner.eu\/wp-content\/uploads\/2025\/05\/WhatsApp-Image-2025-05-02-at-11.26.15-scaled.jpeg","width":2560,"height":1920},{"@type":"BreadcrumbList","@id":"https:\/\/www.lifelanner.eu\/2025\/05\/05\/after-camilla-carlotta-too-died-by-electrocution\/#breadcrumb","itemListElement":[{"@type":"ListItem","position":1,"name":"Home","item":"https:\/\/www.lifelanner.eu\/"},{"@type":"ListItem","position":2,"name":"After Camilla, Carlotta too died by electrocution"}]},{"@type":"WebSite","@id":"https:\/\/www.lifelanner.eu\/#website","url":"https:\/\/www.lifelanner.eu\/","name":"LIFE LANNER","description":"Urgent conservation actions for Lanner falcon","potentialAction":[{"@type":"SearchAction","target":{"@type":"EntryPoint","urlTemplate":"https:\/\/www.lifelanner.eu\/?s={search_term_string}"},"query-input":"required name=search_term_string"}],"inLanguage":"it-IT"},{"@type":"Person","@id":"https:\/\/www.lifelanner.eu\/#\/schema\/person\/fa77fe19644a3201a2475e19d612e33e","name":"admin","image":{"@type":"ImageObject","inLanguage":"it-IT","@id":"https:\/\/www.lifelanner.eu\/#\/schema\/person\/image\/","url":"https:\/\/secure.gravatar.com\/avatar\/fdb997b494a167ccc80f5acd3fe88260?s=96&d=mm&r=g","contentUrl":"https:\/\/secure.gravatar.com\/avatar\/fdb997b494a167ccc80f5acd3fe88260?s=96&d=mm&r=g","caption":"admin"},"sameAs":["https:\/\/www.lifelanner.eu"],"url":"https:\/\/www.lifelanner.eu\/it\/author\/admin\/"}]}},"_links":{"self":[{"href":"https:\/\/www.lifelanner.eu\/it\/wp-json\/wp\/v2\/posts\/1262"}],"collection":[{"href":"https:\/\/www.lifelanner.eu\/it\/wp-json\/wp\/v2\/posts"}],"about":[{"href":"https:\/\/www.lifelanner.eu\/it\/wp-json\/wp\/v2\/types\/post"}],"author":[{"embeddable":true,"href":"https:\/\/www.lifelanner.eu\/it\/wp-json\/wp\/v2\/users\/1"}],"replies":[{"embeddable":true,"href":"https:\/\/www.lifelanner.eu\/it\/wp-json\/wp\/v2\/comments?post=1262"}],"version-history":[{"count":1,"href":"https:\/\/www.lifelanner.eu\/it\/wp-json\/wp\/v2\/posts\/1262\/revisions"}],"predecessor-version":[{"id":1267,"href":"https:\/\/www.lifelanner.eu\/it\/wp-json\/wp\/v2\/posts\/1262\/revisions\/1267"}],"wp:featuredmedia":[{"embeddable":true,"href":"https:\/\/www.lifelanner.eu\/it\/wp-json\/wp\/v2\/media\/1266"}],"wp:attachment":[{"href":"https:\/\/www.lifelanner.eu\/it\/wp-json\/wp\/v2\/media?parent=1262"}],"wp:term":[{"taxonomy":"category","embeddable":true,"href":"https:\/\/www.lifelanner.eu\/it\/wp-json\/wp\/v2\/categories?post=1262"},{"taxonomy":"post_tag","embeddable":true,"href":"https:\/\/www.lifelanner.eu\/it\/wp-json\/wp\/v2\/tags?post=1262"}],"curies":[{"name":"wp","href":"https:\/\/api.w.org\/{rel}","templated":true}]}}