{"id":1127,"date":"2024-03-29T08:20:41","date_gmt":"2024-03-29T08:20:41","guid":{"rendered":"https:\/\/www.lifelanner.eu\/?p=1127"},"modified":"2024-03-29T08:20:43","modified_gmt":"2024-03-29T08:20:43","slug":"first-year-of-ambra","status":"publish","type":"post","link":"https:\/\/www.lifelanner.eu\/it\/2024\/03\/29\/first-year-of-ambra\/","title":{"rendered":"Il Falco Lanario Ambra compie un anno di vita in libert\u00e0!!"},"content":{"rendered":"<p>Un grande traguardo per il progetto LIFE LANNER, raccontato attraverso il percorso entusiasmante di questo esemplare, che lo scorso 23 marzo ha compiuto un anno di vita selvatica.<\/p>\n\n\n\n<p>Ambra \u00e8 uno dei lanari liberati nella stagione 2022 con il metodo dell\u2019hacking, eseguito in maniera ravvicinata e a stretto contatto con gli operatori. Questo metodo si differenzia dal classico, nel quale i soggetti non interagiscono in nessun modo con l\u2019essere umano, che aveva dato cattivi risultati nella nostra esperienza. Questo diverso approccio ha portato al risultato sperato: gli esemplari hanno frequentato il sito del rilascio per circa 30 giorni, imparando a volare e a spostarsi sul territorio, sviluppando la muscolatura e rientrando ogni giorno nel box per nutrirsi e passare la notte.<\/p>\n\n\n\n<figure class=\"wp-block-image size-large\"><img loading=\"lazy\" decoding=\"async\" width=\"1024\" height=\"682\" src=\"https:\/\/www.lifelanner.eu\/wp-content\/uploads\/2023\/09\/DSC07619-gigapixel-hq-height-2048px-1024x682.jpg\" alt=\"\" class=\"wp-image-1002\" srcset=\"\" sizes=\"(max-width: 1024px) 100vw, 1024px\" data-srcset=\"\" \/><\/figure>\n\n\n\n<p>Nonostante questo progresso, Ambra ha deciso di allontanarsi nell\u2019estate 2022 verso il sud Italia, ma circa una settimana dopo, grazie alle indicazioni del suo GPS, che evidenziavano un\u2019evidente diminuzione dei suoi movimenti, \u00e8 stata recuperata nei pressi di Foggia in stato di denutrizione. Aveva imparato a volare, ma non a procurarsi il cibo da sola.<\/p>\n\n\n\n<p>Dopo il suo rocambolesco recupero, si \u00e8 quindi intrapreso un percorso differente, superata ormai l\u2019et\u00e0 adatta per l\u2019hacking, introducendo l\u2019esemplare alla caccia. \u00c8 stata liberata gradualmente in uno spazio idoneo nella R.N.R. Lago di Vico, seguita quotidianamente dagli operatori del progetto integrando il sistema GPS con quello VHF per intercettare i suoi spostamenti in ogni momento. Nel marzo 2023 ha cominciato ad esplorare nuovamente il territorio, scegliendo di insediarsi nella Riserva Statale del Litorale Romano, dove abbiamo potuto finalmente constatare che aveva imparato a catturare delle prede selvatiche in totale autonomia!<\/p>\n\n\n\n<figure class=\"wp-block-image size-large\"><img loading=\"lazy\" decoding=\"async\" width=\"1024\" height=\"683\" src=\"https:\/\/www.lifelanner.eu\/wp-content\/uploads\/2024\/03\/LANARIO-1-1024x683.jpg\" alt=\"\" class=\"wp-image-1128\" srcset=\"\" sizes=\"(max-width: 1024px) 100vw, 1024px\" data-srcset=\"\" \/><\/figure>\n\n\n\n<p>Abbiamo seguito i suoi movimenti ogni giorno, l\u2019abbiamo vista allontanarsi e tornare molte volte nel posto che si \u00e8 scelta, e in tutto questo periodo abbiamo seguito (e seguiamo ancora) con curiosit\u00e0 tutti i suoi spostamenti. La casualit\u00e0, o forse proprio l\u2019attitudine di questa specie ormai cos\u00ec rara, la portano ad esplorare anche siti di nidificazione storici del Lanario.<\/p>\n\n\n\n<figure class=\"wp-block-image size-large\"><img loading=\"lazy\" decoding=\"async\" width=\"1024\" height=\"626\" src=\"https:\/\/www.lifelanner.eu\/wp-content\/uploads\/2024\/03\/tutto-date-1024x626.jpg\" alt=\"\" class=\"wp-image-1129\" srcset=\"\" sizes=\"(max-width: 1024px) 100vw, 1024px\" data-srcset=\"\" \/><figcaption>Spostamenti di Ambra nell'ultimo anno<\/figcaption><\/figure>\n\n\n\n<p>Che stia gi\u00e0 cercando un compagno? Chiss\u00e0.<br>Nel frattempo, festeggiamo con lei questo piccolo grande successo!<\/p>","protected":false},"excerpt":{"rendered":"<p>Un grande traguardo per il progetto LIFE LANNER, raccontato attraverso il percorso entusiasmante di questo esemplare, che lo scorso 23 marzo ha compiuto un anno di vita selvatica.<\/p>","protected":false},"author":1,"featured_media":1129,"comment_status":"open","ping_status":"open","sticky":false,"template":"","format":"standard","meta":{"_monsterinsights_skip_tracking":false,"_monsterinsights_sitenote_active":false,"_monsterinsights_sitenote_note":"","_monsterinsights_sitenote_category":0,"footnotes":""},"categories":[55,53,56,7,51],"tags":[],"yoast_head":"<!-- This site is optimized with the Yoast SEO plugin v22.5 - https:\/\/yoast.com\/wordpress\/plugins\/seo\/ -->\n<title>The Lanner Falcon Ambra celebrates its first year of freedom!! - LIFE LANNER<\/title>\n<meta name=\"robots\" content=\"index, follow, max-snippet:-1, max-image-preview:large, max-video-preview:-1\" \/>\n<link rel=\"canonical\" href=\"https:\/\/www.lifelanner.eu\/it\/2024\/03\/29\/first-year-of-ambra\/\" \/>\n<meta property=\"og:locale\" content=\"it_IT\" \/>\n<meta property=\"og:type\" content=\"article\" \/>\n<meta property=\"og:title\" content=\"The Lanner Falcon Ambra celebrates its first year of freedom!! - LIFE LANNER\" \/>\n<meta property=\"og:description\" content=\"A great achievement for the LIFE LANNER project, told through the exciting journey of this specimen, which celebrated one year of wild life last March 23rd. Ambra is one of the Lanner released in the 2022 season with the hacking method, carried out in close contact with the operators. This method differs from the classic [&hellip;]\" \/>\n<meta property=\"og:url\" content=\"https:\/\/www.lifelanner.eu\/it\/2024\/03\/29\/first-year-of-ambra\/\" \/>\n<meta property=\"og:site_name\" content=\"LIFE LANNER\" \/>\n<meta property=\"article:published_time\" content=\"2024-03-29T08:20:41+00:00\" \/>\n<meta property=\"article:modified_time\" content=\"2024-03-29T08:20:43+00:00\" \/>\n<meta property=\"og:image\" content=\"https:\/\/www.lifelanner.eu\/wp-content\/uploads\/2024\/03\/tutto-date.jpg\" \/>\n\t<meta property=\"og:image:width\" content=\"1457\" \/>\n\t<meta property=\"og:image:height\" content=\"890\" \/>\n\t<meta property=\"og:image:type\" content=\"image\/jpeg\" \/>\n<meta name=\"author\" content=\"admin\" \/>\n<meta name=\"twitter:card\" content=\"summary_large_image\" \/>\n<meta name=\"twitter:label1\" content=\"Scritto da\" \/>\n\t<meta name=\"twitter:data1\" content=\"admin\" \/>\n\t<meta name=\"twitter:label2\" content=\"Tempo di lettura stimato\" \/>\n\t<meta name=\"twitter:data2\" content=\"3 minuti\" \/>\n<script type=\"application\/ld+json\" class=\"yoast-schema-graph\">{\"@context\":\"https:\/\/schema.org\",\"@graph\":[{\"@type\":\"WebPage\",\"@id\":\"https:\/\/www.lifelanner.eu\/2024\/03\/29\/first-year-of-ambra\/\",\"url\":\"https:\/\/www.lifelanner.eu\/2024\/03\/29\/first-year-of-ambra\/\",\"name\":\"The Lanner Falcon Ambra celebrates its first year of freedom!! - LIFE LANNER\",\"isPartOf\":{\"@id\":\"https:\/\/www.lifelanner.eu\/#website\"},\"primaryImageOfPage\":{\"@id\":\"https:\/\/www.lifelanner.eu\/2024\/03\/29\/first-year-of-ambra\/#primaryimage\"},\"image\":{\"@id\":\"https:\/\/www.lifelanner.eu\/2024\/03\/29\/first-year-of-ambra\/#primaryimage\"},\"thumbnailUrl\":\"https:\/\/www.lifelanner.eu\/wp-content\/uploads\/2024\/03\/tutto-date.jpg\",\"datePublished\":\"2024-03-29T08:20:41+00:00\",\"dateModified\":\"2024-03-29T08:20:43+00:00\",\"author\":{\"@id\":\"https:\/\/www.lifelanner.eu\/#\/schema\/person\/fa77fe19644a3201a2475e19d612e33e\"},\"breadcrumb\":{\"@id\":\"https:\/\/www.lifelanner.eu\/2024\/03\/29\/first-year-of-ambra\/#breadcrumb\"},\"inLanguage\":\"it-IT\",\"potentialAction\":[{\"@type\":\"ReadAction\",\"target\":[\"https:\/\/www.lifelanner.eu\/2024\/03\/29\/first-year-of-ambra\/\"]}]},{\"@type\":\"ImageObject\",\"inLanguage\":\"it-IT\",\"@id\":\"https:\/\/www.lifelanner.eu\/2024\/03\/29\/first-year-of-ambra\/#primaryimage\",\"url\":\"https:\/\/www.lifelanner.eu\/wp-content\/uploads\/2024\/03\/tutto-date.jpg\",\"contentUrl\":\"https:\/\/www.lifelanner.eu\/wp-content\/uploads\/2024\/03\/tutto-date.jpg\",\"width\":1457,\"height\":890},{\"@type\":\"BreadcrumbList\",\"@id\":\"https:\/\/www.lifelanner.eu\/2024\/03\/29\/first-year-of-ambra\/#breadcrumb\",\"itemListElement\":[{\"@type\":\"ListItem\",\"position\":1,\"name\":\"Home\",\"item\":\"https:\/\/www.lifelanner.eu\/\"},{\"@type\":\"ListItem\",\"position\":2,\"name\":\"The Lanner Falcon Ambra celebrates its first year of freedom!!\"}]},{\"@type\":\"WebSite\",\"@id\":\"https:\/\/www.lifelanner.eu\/#website\",\"url\":\"https:\/\/www.lifelanner.eu\/\",\"name\":\"LIFE LANNER\",\"description\":\"Urgent conservation actions for Lanner falcon\",\"potentialAction\":[{\"@type\":\"SearchAction\",\"target\":{\"@type\":\"EntryPoint\",\"urlTemplate\":\"https:\/\/www.lifelanner.eu\/?s={search_term_string}\"},\"query-input\":\"required name=search_term_string\"}],\"inLanguage\":\"it-IT\"},{\"@type\":\"Person\",\"@id\":\"https:\/\/www.lifelanner.eu\/#\/schema\/person\/fa77fe19644a3201a2475e19d612e33e\",\"name\":\"admin\",\"image\":{\"@type\":\"ImageObject\",\"inLanguage\":\"it-IT\",\"@id\":\"https:\/\/www.lifelanner.eu\/#\/schema\/person\/image\/\",\"url\":\"https:\/\/secure.gravatar.com\/avatar\/fdb997b494a167ccc80f5acd3fe88260?s=96&d=mm&r=g\",\"contentUrl\":\"https:\/\/secure.gravatar.com\/avatar\/fdb997b494a167ccc80f5acd3fe88260?s=96&d=mm&r=g\",\"caption\":\"admin\"},\"sameAs\":[\"https:\/\/www.lifelanner.eu\"],\"url\":\"https:\/\/www.lifelanner.eu\/it\/author\/admin\/\"}]}<\/script>\n<!-- \/ Yoast SEO plugin. -->","yoast_head_json":{"title":"The Lanner Falcon Ambra celebrates its first year of freedom!! - LIFE LANNER","robots":{"index":"index","follow":"follow","max-snippet":"max-snippet:-1","max-image-preview":"max-image-preview:large","max-video-preview":"max-video-preview:-1"},"canonical":"https:\/\/www.lifelanner.eu\/it\/2024\/03\/29\/first-year-of-ambra\/","og_locale":"it_IT","og_type":"article","og_title":"The Lanner Falcon Ambra celebrates its first year of freedom!! - LIFE LANNER","og_description":"A great achievement for the LIFE LANNER project, told through the exciting journey of this specimen, which celebrated one year of wild life last March 23rd. Ambra is one of the Lanner released in the 2022 season with the hacking method, carried out in close contact with the operators. This method differs from the classic [&hellip;]","og_url":"https:\/\/www.lifelanner.eu\/it\/2024\/03\/29\/first-year-of-ambra\/","og_site_name":"LIFE LANNER","article_published_time":"2024-03-29T08:20:41+00:00","article_modified_time":"2024-03-29T08:20:43+00:00","og_image":[{"width":1457,"height":890,"url":"https:\/\/www.lifelanner.eu\/wp-content\/uploads\/2024\/03\/tutto-date.jpg","type":"image\/jpeg"}],"author":"admin","twitter_card":"summary_large_image","twitter_misc":{"Scritto da":"admin","Tempo di lettura stimato":"3 minuti"},"schema":{"@context":"https:\/\/schema.org","@graph":[{"@type":"WebPage","@id":"https:\/\/www.lifelanner.eu\/2024\/03\/29\/first-year-of-ambra\/","url":"https:\/\/www.lifelanner.eu\/2024\/03\/29\/first-year-of-ambra\/","name":"The Lanner Falcon Ambra celebrates its first year of freedom!! - LIFE LANNER","isPartOf":{"@id":"https:\/\/www.lifelanner.eu\/#website"},"primaryImageOfPage":{"@id":"https:\/\/www.lifelanner.eu\/2024\/03\/29\/first-year-of-ambra\/#primaryimage"},"image":{"@id":"https:\/\/www.lifelanner.eu\/2024\/03\/29\/first-year-of-ambra\/#primaryimage"},"thumbnailUrl":"https:\/\/www.lifelanner.eu\/wp-content\/uploads\/2024\/03\/tutto-date.jpg","datePublished":"2024-03-29T08:20:41+00:00","dateModified":"2024-03-29T08:20:43+00:00","author":{"@id":"https:\/\/www.lifelanner.eu\/#\/schema\/person\/fa77fe19644a3201a2475e19d612e33e"},"breadcrumb":{"@id":"https:\/\/www.lifelanner.eu\/2024\/03\/29\/first-year-of-ambra\/#breadcrumb"},"inLanguage":"it-IT","potentialAction":[{"@type":"ReadAction","target":["https:\/\/www.lifelanner.eu\/2024\/03\/29\/first-year-of-ambra\/"]}]},{"@type":"ImageObject","inLanguage":"it-IT","@id":"https:\/\/www.lifelanner.eu\/2024\/03\/29\/first-year-of-ambra\/#primaryimage","url":"https:\/\/www.lifelanner.eu\/wp-content\/uploads\/2024\/03\/tutto-date.jpg","contentUrl":"https:\/\/www.lifelanner.eu\/wp-content\/uploads\/2024\/03\/tutto-date.jpg","width":1457,"height":890},{"@type":"BreadcrumbList","@id":"https:\/\/www.lifelanner.eu\/2024\/03\/29\/first-year-of-ambra\/#breadcrumb","itemListElement":[{"@type":"ListItem","position":1,"name":"Home","item":"https:\/\/www.lifelanner.eu\/"},{"@type":"ListItem","position":2,"name":"The Lanner Falcon Ambra celebrates its first year of freedom!!"}]},{"@type":"WebSite","@id":"https:\/\/www.lifelanner.eu\/#website","url":"https:\/\/www.lifelanner.eu\/","name":"LIFE LANNER","description":"Urgent conservation actions for Lanner falcon","potentialAction":[{"@type":"SearchAction","target":{"@type":"EntryPoint","urlTemplate":"https:\/\/www.lifelanner.eu\/?s={search_term_string}"},"query-input":"required name=search_term_string"}],"inLanguage":"it-IT"},{"@type":"Person","@id":"https:\/\/www.lifelanner.eu\/#\/schema\/person\/fa77fe19644a3201a2475e19d612e33e","name":"admin","image":{"@type":"ImageObject","inLanguage":"it-IT","@id":"https:\/\/www.lifelanner.eu\/#\/schema\/person\/image\/","url":"https:\/\/secure.gravatar.com\/avatar\/fdb997b494a167ccc80f5acd3fe88260?s=96&d=mm&r=g","contentUrl":"https:\/\/secure.gravatar.com\/avatar\/fdb997b494a167ccc80f5acd3fe88260?s=96&d=mm&r=g","caption":"admin"},"sameAs":["https:\/\/www.lifelanner.eu"],"url":"https:\/\/www.lifelanner.eu\/it\/author\/admin\/"}]}},"_links":{"self":[{"href":"https:\/\/www.lifelanner.eu\/it\/wp-json\/wp\/v2\/posts\/1127"}],"collection":[{"href":"https:\/\/www.lifelanner.eu\/it\/wp-json\/wp\/v2\/posts"}],"about":[{"href":"https:\/\/www.lifelanner.eu\/it\/wp-json\/wp\/v2\/types\/post"}],"author":[{"embeddable":true,"href":"https:\/\/www.lifelanner.eu\/it\/wp-json\/wp\/v2\/users\/1"}],"replies":[{"embeddable":true,"href":"https:\/\/www.lifelanner.eu\/it\/wp-json\/wp\/v2\/comments?post=1127"}],"version-history":[{"count":1,"href":"https:\/\/www.lifelanner.eu\/it\/wp-json\/wp\/v2\/posts\/1127\/revisions"}],"predecessor-version":[{"id":1130,"href":"https:\/\/www.lifelanner.eu\/it\/wp-json\/wp\/v2\/posts\/1127\/revisions\/1130"}],"wp:featuredmedia":[{"embeddable":true,"href":"https:\/\/www.lifelanner.eu\/it\/wp-json\/wp\/v2\/media\/1129"}],"wp:attachment":[{"href":"https:\/\/www.lifelanner.eu\/it\/wp-json\/wp\/v2\/media?parent=1127"}],"wp:term":[{"taxonomy":"category","embeddable":true,"href":"https:\/\/www.lifelanner.eu\/it\/wp-json\/wp\/v2\/categories?post=1127"},{"taxonomy":"post_tag","embeddable":true,"href":"https:\/\/www.lifelanner.eu\/it\/wp-json\/wp\/v2\/tags?post=1127"}],"curies":[{"name":"wp","href":"https:\/\/api.w.org\/{rel}","templated":true}]}}