{"id":1038,"date":"2023-12-07T12:21:16","date_gmt":"2023-12-07T12:21:16","guid":{"rendered":"https:\/\/www.lifelanner.eu\/?p=1038"},"modified":"2023-12-07T12:35:28","modified_gmt":"2023-12-07T12:35:28","slug":"great-interest-in-the-life-lanner-at-the-eurosite-annual-meeting-in-france","status":"publish","type":"post","link":"https:\/\/www.lifelanner.eu\/it\/2023\/12\/07\/great-interest-in-the-life-lanner-at-the-eurosite-annual-meeting-in-france\/","title":{"rendered":"Grande interesse per il LIFE LANNER all'incontro annuale di Eurosite in Francia"},"content":{"rendered":"<p>Ai primi di novembre 2023 il project manager Stefano Picchi ha presentato il progetto LIFE LANNER ai partecipanti dell'incontro annuale Eurosite 2023, incentrato sul tema della \"conservazione basata sull'identit\u00e0 per il ripristino su larga scala della natura\".<\/p>\n\n\n\n<figure class=\"wp-block-image size-large\"><img loading=\"lazy\" decoding=\"async\" width=\"1024\" height=\"793\" src=\"https:\/\/www.lifelanner.eu\/wp-content\/uploads\/2023\/12\/LANNER-AMIENS-EUROSITE-PICCHI-1024x793.jpg\" alt=\"\" class=\"wp-image-1039\" srcset=\"\" sizes=\"(max-width: 1024px) 100vw, 1024px\" data-srcset=\"\" \/><\/figure>\n\n\n\n<p>L'evento si \u00e8 tenuto ad Amiens, in Francia e ha incluso diversi workshop tematici, visite sul campo e ha attratto quasi 120 partecipanti provenienti da oltre 20 paesi.<br>Uno dei momenti salienti dell'evento per l'interesse che ha suscitato \u00e8 stata la presentazione dei risultati del progetto LIFE LANNER.\nSono stati illustrati i principali successi tra cui il rilascio di sette giovani falchi, muniti di GPS, utilizzando tecniche di hacking, la riapertura di oltre 30 ettari di macchia per il ripristino di pascoli e aree di caccia per i falchi, la costruzione di strutture per la riproduzione e la formazione di coppie riproduttive, e la nascita di tre pulcini da coppie in cattivit\u00e0. <\/p>\n\n\n\n<p>Inoltre, \u00e8 stato illustrato  di come il progetto abbia condotto un monitoraggio nazionale Lanario nel 2023, abbia messo in sicurezza 200 pali elettrici per prevenire l'elettrocuzione, e abbia caratterizzato geneticamente la sottospecie Falco biarmicus feldeggii, e aver aumentato l'attenzione del pubblico sulla specie. L'incontro \u00e8 stato organizzato da Eurosite, la Rete europea per la conservazione del territorio, in collaborazione con la F\u00e9d\u00e9ration des Conservatoires d'espaces naturels, il Conservatoire d'espaces naturels des Hauts-de-France, l'Office Fran\u00e7ais de la Biodiversit\u00e9 e il Conservatoire du Littoral.<\/p>\n\n\n\n<figure class=\"wp-block-image size-large\"><img loading=\"lazy\" decoding=\"async\" width=\"1024\" height=\"626\" src=\"https:\/\/www.lifelanner.eu\/wp-content\/uploads\/2023\/12\/LANNER-AMIENS-EUROSITE-1024x626.jpg\" alt=\"\" class=\"wp-image-1041\" srcset=\"\" sizes=\"(max-width: 1024px) 100vw, 1024px\" data-srcset=\"\" \/><\/figure>\n\n\n\n<pre class=\"wp-block-preformatted\"><\/pre>\n\n\n\n<p><\/p>","protected":false},"excerpt":{"rendered":"<p>Ai primi di novembre 2023 il project manager Stefano Picchi ha presentato il progetto LIFE LANNER ai partecipanti dell'incontro annuale Eurosite 2023, incentrato sul tema della \"conservazione basata sull'identit\u00e0 per il ripristino su larga scala della natura\".<\/p>","protected":false},"author":1,"featured_media":1041,"comment_status":"open","ping_status":"open","sticky":false,"template":"","format":"standard","meta":{"_monsterinsights_skip_tracking":false,"_monsterinsights_sitenote_active":false,"_monsterinsights_sitenote_note":"","_monsterinsights_sitenote_category":0,"footnotes":""},"categories":[55,7],"tags":[],"yoast_head":"<!-- This site is optimized with the Yoast SEO plugin v22.5 - https:\/\/yoast.com\/wordpress\/plugins\/seo\/ -->\n<title>Great Interest in the LIFE LANNER at the Eurosite annual meeting in France - LIFE LANNER<\/title>\n<meta name=\"robots\" content=\"index, follow, max-snippet:-1, max-image-preview:large, max-video-preview:-1\" \/>\n<link rel=\"canonical\" href=\"https:\/\/www.lifelanner.eu\/it\/2023\/12\/07\/great-interest-in-the-life-lanner-at-the-eurosite-annual-meeting-in-france\/\" \/>\n<meta property=\"og:locale\" content=\"it_IT\" \/>\n<meta property=\"og:type\" content=\"article\" \/>\n<meta property=\"og:title\" content=\"Great Interest in the LIFE LANNER at the Eurosite annual meeting in France - LIFE LANNER\" \/>\n<meta property=\"og:description\" content=\"In early November 2023 project manager Stefano Picchi presented the LIFE LANNER project to the participants of the Eurosite 2023 annual meeting, focusing on the theme of &#8220;identity-based conservation for large-scale nature restoration&#8221;. The event was held in Amiens, France and included several thematic workshops, field visits and attracted nearly 120 participants from over 20 [&hellip;]\" \/>\n<meta property=\"og:url\" content=\"https:\/\/www.lifelanner.eu\/it\/2023\/12\/07\/great-interest-in-the-life-lanner-at-the-eurosite-annual-meeting-in-france\/\" \/>\n<meta property=\"og:site_name\" content=\"LIFE LANNER\" \/>\n<meta property=\"article:published_time\" content=\"2023-12-07T12:21:16+00:00\" \/>\n<meta property=\"article:modified_time\" content=\"2023-12-07T12:35:28+00:00\" \/>\n<meta property=\"og:image\" content=\"https:\/\/www.lifelanner.eu\/wp-content\/uploads\/2023\/12\/LANNER-AMIENS-EUROSITE.jpg\" \/>\n\t<meta property=\"og:image:width\" content=\"1271\" \/>\n\t<meta property=\"og:image:height\" content=\"777\" \/>\n\t<meta property=\"og:image:type\" content=\"image\/jpeg\" \/>\n<meta name=\"author\" content=\"admin\" \/>\n<meta name=\"twitter:card\" content=\"summary_large_image\" \/>\n<meta name=\"twitter:label1\" content=\"Scritto da\" \/>\n\t<meta name=\"twitter:data1\" content=\"admin\" \/>\n\t<meta name=\"twitter:label2\" content=\"Tempo di lettura stimato\" \/>\n\t<meta name=\"twitter:data2\" content=\"2 minuti\" \/>\n<script type=\"application\/ld+json\" class=\"yoast-schema-graph\">{\"@context\":\"https:\/\/schema.org\",\"@graph\":[{\"@type\":\"WebPage\",\"@id\":\"https:\/\/www.lifelanner.eu\/2023\/12\/07\/great-interest-in-the-life-lanner-at-the-eurosite-annual-meeting-in-france\/\",\"url\":\"https:\/\/www.lifelanner.eu\/2023\/12\/07\/great-interest-in-the-life-lanner-at-the-eurosite-annual-meeting-in-france\/\",\"name\":\"Great Interest in the LIFE LANNER at the Eurosite annual meeting in France - LIFE LANNER\",\"isPartOf\":{\"@id\":\"https:\/\/www.lifelanner.eu\/#website\"},\"primaryImageOfPage\":{\"@id\":\"https:\/\/www.lifelanner.eu\/2023\/12\/07\/great-interest-in-the-life-lanner-at-the-eurosite-annual-meeting-in-france\/#primaryimage\"},\"image\":{\"@id\":\"https:\/\/www.lifelanner.eu\/2023\/12\/07\/great-interest-in-the-life-lanner-at-the-eurosite-annual-meeting-in-france\/#primaryimage\"},\"thumbnailUrl\":\"https:\/\/www.lifelanner.eu\/wp-content\/uploads\/2023\/12\/LANNER-AMIENS-EUROSITE.jpg\",\"datePublished\":\"2023-12-07T12:21:16+00:00\",\"dateModified\":\"2023-12-07T12:35:28+00:00\",\"author\":{\"@id\":\"https:\/\/www.lifelanner.eu\/#\/schema\/person\/fa77fe19644a3201a2475e19d612e33e\"},\"breadcrumb\":{\"@id\":\"https:\/\/www.lifelanner.eu\/2023\/12\/07\/great-interest-in-the-life-lanner-at-the-eurosite-annual-meeting-in-france\/#breadcrumb\"},\"inLanguage\":\"it-IT\",\"potentialAction\":[{\"@type\":\"ReadAction\",\"target\":[\"https:\/\/www.lifelanner.eu\/2023\/12\/07\/great-interest-in-the-life-lanner-at-the-eurosite-annual-meeting-in-france\/\"]}]},{\"@type\":\"ImageObject\",\"inLanguage\":\"it-IT\",\"@id\":\"https:\/\/www.lifelanner.eu\/2023\/12\/07\/great-interest-in-the-life-lanner-at-the-eurosite-annual-meeting-in-france\/#primaryimage\",\"url\":\"https:\/\/www.lifelanner.eu\/wp-content\/uploads\/2023\/12\/LANNER-AMIENS-EUROSITE.jpg\",\"contentUrl\":\"https:\/\/www.lifelanner.eu\/wp-content\/uploads\/2023\/12\/LANNER-AMIENS-EUROSITE.jpg\",\"width\":1271,\"height\":777},{\"@type\":\"BreadcrumbList\",\"@id\":\"https:\/\/www.lifelanner.eu\/2023\/12\/07\/great-interest-in-the-life-lanner-at-the-eurosite-annual-meeting-in-france\/#breadcrumb\",\"itemListElement\":[{\"@type\":\"ListItem\",\"position\":1,\"name\":\"Home\",\"item\":\"https:\/\/www.lifelanner.eu\/\"},{\"@type\":\"ListItem\",\"position\":2,\"name\":\"Great Interest in the LIFE LANNER at the Eurosite annual meeting in France\"}]},{\"@type\":\"WebSite\",\"@id\":\"https:\/\/www.lifelanner.eu\/#website\",\"url\":\"https:\/\/www.lifelanner.eu\/\",\"name\":\"LIFE LANNER\",\"description\":\"Urgent conservation actions for Lanner falcon\",\"potentialAction\":[{\"@type\":\"SearchAction\",\"target\":{\"@type\":\"EntryPoint\",\"urlTemplate\":\"https:\/\/www.lifelanner.eu\/?s={search_term_string}\"},\"query-input\":\"required name=search_term_string\"}],\"inLanguage\":\"it-IT\"},{\"@type\":\"Person\",\"@id\":\"https:\/\/www.lifelanner.eu\/#\/schema\/person\/fa77fe19644a3201a2475e19d612e33e\",\"name\":\"admin\",\"image\":{\"@type\":\"ImageObject\",\"inLanguage\":\"it-IT\",\"@id\":\"https:\/\/www.lifelanner.eu\/#\/schema\/person\/image\/\",\"url\":\"https:\/\/secure.gravatar.com\/avatar\/fdb997b494a167ccc80f5acd3fe88260?s=96&d=mm&r=g\",\"contentUrl\":\"https:\/\/secure.gravatar.com\/avatar\/fdb997b494a167ccc80f5acd3fe88260?s=96&d=mm&r=g\",\"caption\":\"admin\"},\"sameAs\":[\"https:\/\/www.lifelanner.eu\"],\"url\":\"https:\/\/www.lifelanner.eu\/it\/author\/admin\/\"}]}<\/script>\n<!-- \/ Yoast SEO plugin. -->","yoast_head_json":{"title":"Great Interest in the LIFE LANNER at the Eurosite annual meeting in France - LIFE LANNER","robots":{"index":"index","follow":"follow","max-snippet":"max-snippet:-1","max-image-preview":"max-image-preview:large","max-video-preview":"max-video-preview:-1"},"canonical":"https:\/\/www.lifelanner.eu\/it\/2023\/12\/07\/great-interest-in-the-life-lanner-at-the-eurosite-annual-meeting-in-france\/","og_locale":"it_IT","og_type":"article","og_title":"Great Interest in the LIFE LANNER at the Eurosite annual meeting in France - LIFE LANNER","og_description":"In early November 2023 project manager Stefano Picchi presented the LIFE LANNER project to the participants of the Eurosite 2023 annual meeting, focusing on the theme of &#8220;identity-based conservation for large-scale nature restoration&#8221;. The event was held in Amiens, France and included several thematic workshops, field visits and attracted nearly 120 participants from over 20 [&hellip;]","og_url":"https:\/\/www.lifelanner.eu\/it\/2023\/12\/07\/great-interest-in-the-life-lanner-at-the-eurosite-annual-meeting-in-france\/","og_site_name":"LIFE LANNER","article_published_time":"2023-12-07T12:21:16+00:00","article_modified_time":"2023-12-07T12:35:28+00:00","og_image":[{"width":1271,"height":777,"url":"https:\/\/www.lifelanner.eu\/wp-content\/uploads\/2023\/12\/LANNER-AMIENS-EUROSITE.jpg","type":"image\/jpeg"}],"author":"admin","twitter_card":"summary_large_image","twitter_misc":{"Scritto da":"admin","Tempo di lettura stimato":"2 minuti"},"schema":{"@context":"https:\/\/schema.org","@graph":[{"@type":"WebPage","@id":"https:\/\/www.lifelanner.eu\/2023\/12\/07\/great-interest-in-the-life-lanner-at-the-eurosite-annual-meeting-in-france\/","url":"https:\/\/www.lifelanner.eu\/2023\/12\/07\/great-interest-in-the-life-lanner-at-the-eurosite-annual-meeting-in-france\/","name":"Great Interest in the LIFE LANNER at the Eurosite annual meeting in France - LIFE LANNER","isPartOf":{"@id":"https:\/\/www.lifelanner.eu\/#website"},"primaryImageOfPage":{"@id":"https:\/\/www.lifelanner.eu\/2023\/12\/07\/great-interest-in-the-life-lanner-at-the-eurosite-annual-meeting-in-france\/#primaryimage"},"image":{"@id":"https:\/\/www.lifelanner.eu\/2023\/12\/07\/great-interest-in-the-life-lanner-at-the-eurosite-annual-meeting-in-france\/#primaryimage"},"thumbnailUrl":"https:\/\/www.lifelanner.eu\/wp-content\/uploads\/2023\/12\/LANNER-AMIENS-EUROSITE.jpg","datePublished":"2023-12-07T12:21:16+00:00","dateModified":"2023-12-07T12:35:28+00:00","author":{"@id":"https:\/\/www.lifelanner.eu\/#\/schema\/person\/fa77fe19644a3201a2475e19d612e33e"},"breadcrumb":{"@id":"https:\/\/www.lifelanner.eu\/2023\/12\/07\/great-interest-in-the-life-lanner-at-the-eurosite-annual-meeting-in-france\/#breadcrumb"},"inLanguage":"it-IT","potentialAction":[{"@type":"ReadAction","target":["https:\/\/www.lifelanner.eu\/2023\/12\/07\/great-interest-in-the-life-lanner-at-the-eurosite-annual-meeting-in-france\/"]}]},{"@type":"ImageObject","inLanguage":"it-IT","@id":"https:\/\/www.lifelanner.eu\/2023\/12\/07\/great-interest-in-the-life-lanner-at-the-eurosite-annual-meeting-in-france\/#primaryimage","url":"https:\/\/www.lifelanner.eu\/wp-content\/uploads\/2023\/12\/LANNER-AMIENS-EUROSITE.jpg","contentUrl":"https:\/\/www.lifelanner.eu\/wp-content\/uploads\/2023\/12\/LANNER-AMIENS-EUROSITE.jpg","width":1271,"height":777},{"@type":"BreadcrumbList","@id":"https:\/\/www.lifelanner.eu\/2023\/12\/07\/great-interest-in-the-life-lanner-at-the-eurosite-annual-meeting-in-france\/#breadcrumb","itemListElement":[{"@type":"ListItem","position":1,"name":"Home","item":"https:\/\/www.lifelanner.eu\/"},{"@type":"ListItem","position":2,"name":"Great Interest in the LIFE LANNER at the Eurosite annual meeting in France"}]},{"@type":"WebSite","@id":"https:\/\/www.lifelanner.eu\/#website","url":"https:\/\/www.lifelanner.eu\/","name":"LIFE LANNER","description":"Urgent conservation actions for Lanner falcon","potentialAction":[{"@type":"SearchAction","target":{"@type":"EntryPoint","urlTemplate":"https:\/\/www.lifelanner.eu\/?s={search_term_string}"},"query-input":"required name=search_term_string"}],"inLanguage":"it-IT"},{"@type":"Person","@id":"https:\/\/www.lifelanner.eu\/#\/schema\/person\/fa77fe19644a3201a2475e19d612e33e","name":"admin","image":{"@type":"ImageObject","inLanguage":"it-IT","@id":"https:\/\/www.lifelanner.eu\/#\/schema\/person\/image\/","url":"https:\/\/secure.gravatar.com\/avatar\/fdb997b494a167ccc80f5acd3fe88260?s=96&d=mm&r=g","contentUrl":"https:\/\/secure.gravatar.com\/avatar\/fdb997b494a167ccc80f5acd3fe88260?s=96&d=mm&r=g","caption":"admin"},"sameAs":["https:\/\/www.lifelanner.eu"],"url":"https:\/\/www.lifelanner.eu\/it\/author\/admin\/"}]}},"_links":{"self":[{"href":"https:\/\/www.lifelanner.eu\/it\/wp-json\/wp\/v2\/posts\/1038"}],"collection":[{"href":"https:\/\/www.lifelanner.eu\/it\/wp-json\/wp\/v2\/posts"}],"about":[{"href":"https:\/\/www.lifelanner.eu\/it\/wp-json\/wp\/v2\/types\/post"}],"author":[{"embeddable":true,"href":"https:\/\/www.lifelanner.eu\/it\/wp-json\/wp\/v2\/users\/1"}],"replies":[{"embeddable":true,"href":"https:\/\/www.lifelanner.eu\/it\/wp-json\/wp\/v2\/comments?post=1038"}],"version-history":[{"count":7,"href":"https:\/\/www.lifelanner.eu\/it\/wp-json\/wp\/v2\/posts\/1038\/revisions"}],"predecessor-version":[{"id":1050,"href":"https:\/\/www.lifelanner.eu\/it\/wp-json\/wp\/v2\/posts\/1038\/revisions\/1050"}],"wp:featuredmedia":[{"embeddable":true,"href":"https:\/\/www.lifelanner.eu\/it\/wp-json\/wp\/v2\/media\/1041"}],"wp:attachment":[{"href":"https:\/\/www.lifelanner.eu\/it\/wp-json\/wp\/v2\/media?parent=1038"}],"wp:term":[{"taxonomy":"category","embeddable":true,"href":"https:\/\/www.lifelanner.eu\/it\/wp-json\/wp\/v2\/categories?post=1038"},{"taxonomy":"post_tag","embeddable":true,"href":"https:\/\/www.lifelanner.eu\/it\/wp-json\/wp\/v2\/tags?post=1038"}],"curies":[{"name":"wp","href":"https:\/\/api.w.org\/{rel}","templated":true}]}}